{"id":16304,"date":"2019-01-23T10:40:09","date_gmt":"2019-01-23T10:40:09","guid":{"rendered":"https:\/\/natural.upxsol.com\/?p=475"},"modified":"2019-01-23T10:40:09","modified_gmt":"2019-01-23T10:40:09","slug":"natural-fruits-s-l-crece-por-encima-del-40-y-rompe-previsiones","status":"publish","type":"post","link":"http:\/\/www.naturalfruits.es\/ca\/2019\/01\/23\/natural-fruits-s-l-crece-por-encima-del-40-y-rompe-previsiones\/","title":{"rendered":"[:es]\u00a0Natural Fruits s.l. crece por encima del 40% y rompe previsiones. [:]"},"content":{"rendered":"<p>[:es]<\/p>\n<blockquote>\n<h4>La empresa de reparto Natural Fruits, especializada en la distribuci\u00f3n de fruta, verdura y productos de IV gama para colectividades en toda Catalunya, ha cerrado el ejercicio 2018 con un incremento de las ventas superior al 40%.\u00a0El pron\u00f3stico era crecer alrededor del 20%.<\/h4>\n<\/blockquote>\n<p>La empresa reparte diariamente frutas y verduras a sus m\u00e1s de 300 clientes en toda Catalunya. Adicionalmente, la compa\u00f1\u00eda realiza la log\u00edstica y distribuci\u00f3n para otros clientes, que totalizan unos 250 puntos adicionales de entrega en la ciudad de Barcelona.<\/p>\n<p>El pron\u00f3stico era crecer alrededor del 20, pero las previsiones se han visto superadas por la consecuci\u00f3n de dos nuevos contratos con dos grandes operadores.<br \/>\nEn lo que se refiere a Recursos Humanos, la empresa empleaba en 2014 a 12 personas. En 2017 se cerr\u00f3 con una plantilla de 33. En este 2018, son un total de 40 personas las que trabajan para la empresa. El 90% de la plantilla de la empresa tiene contrato indefinido, y salvo nuevas contrataciones, esperan cerrar el presente ejercicio con el 100% de la plantilla fija. En 2019 la compa\u00f1\u00eda obtendr\u00e1 la certificaci\u00f3n ISO 9001 e ISO 22000, y espera consolidar el crecimiento de los \u00faltimos a\u00f1os.<\/p>\n<p>Sobre Natural Fruits.<\/p>\n<p style=\"text-align: left;\">La empresa fue fundada por Francesc Moreno (Sant Boi de Llobregat, 1974). <strong>Su experiencia se remonta al a\u00f1o 1989<\/strong>, cuando comenz\u00f3 a trabajar ayudando a sus padres en los puestos que regentaban en Mercabarna, como asentadores del mercado central.<\/p>\n<p style=\"text-align: center;\"><em>Anteriormente, toda la familia se dedic\u00f3 al cultivo de tierras en el Baix Llobregat, donde mantienen un fuerte arraigo con los productores locales.<\/em><\/p>\n<p style=\"text-align: left;\">Este arraigo permite a la empresa ofrecer productos de km 0, cultivados en la comarca del Baix Llobregat, y a escasos 10 minutos del mercado central. Fue en 2008 cuando la empresa decidi\u00f3 dar el salto a la distribuci\u00f3n de colectividades. Actualmente su cartera de clientes se compone de hospitales, residencias socio-sanitarias, colegios, tiendas, cruceros, establecimientos para viajeros, hoteles y restaurantes.<\/p>\n<p style=\"text-align: left;\"><img fetchpriority=\"high\" decoding=\"async\" class=\"size-medium wp-image-476 aligncenter\" src=\"https:\/\/natural.upxsol.com\/wp-content\/uploads\/2019\/01\/image005-300x170.png\" alt=\"\" width=\"300\" height=\"170\" \/><\/p>\n<p>Ra\u00fal Torres G\u00f3mez \u2013 Director financiero raul@natural.upxsol.com[:]<\/p>","protected":false},"excerpt":{"rendered":"<p>[:es] La empresa de reparto Natural Fruits, especializada en la distribuci\u00f3n de fruta, verdura y productos de IV gama para<\/p>","protected":false},"author":2,"featured_media":423,"comment_status":"closed","ping_status":"open","sticky":false,"template":"","format":"standard","meta":{"footnotes":""},"categories":[77,76],"tags":[78,79,83,85,93,95,96,101,103,104,105,106],"class_list":["post-16304","post","type-post","status-publish","format-standard","has-post-thumbnail","hentry","category-natural-fruits","category-natural-fruits-blog","tag-distribuidor-frutas-verduras-y-hortalizas-barcelona","tag-distribuidor-frutas-verduras-y-hortalizas-cataluna","tag-distribuidor-iv-4-gama-mercabarna","tag-empresa-frutas-verduras-y-hortalizas-mercabarna","tag-mayorista-iv-4-gama-mercabarna","tag-proveedor-frutas-verduras-y-hortalizas-barcelona","tag-proveedor-frutas-verduras-y-hortalizas-mercabarna","tag-suministro-frutas-verduras-y-hortalizas-barcelona","tag-suministro-frutas-verduras-y-hortalizas-mercabarna","tag-suministro-iv-4-gama-barcelona","tag-suministro-iv-4-gama-cataluna","tag-suministro-iv-4-gama-mercabarna"],"_links":{"self":[{"href":"http:\/\/www.naturalfruits.es\/ca\/wp-json\/wp\/v2\/posts\/16304","targetHints":{"allow":["GET"]}}],"collection":[{"href":"http:\/\/www.naturalfruits.es\/ca\/wp-json\/wp\/v2\/posts"}],"about":[{"href":"http:\/\/www.naturalfruits.es\/ca\/wp-json\/wp\/v2\/types\/post"}],"author":[{"embeddable":true,"href":"http:\/\/www.naturalfruits.es\/ca\/wp-json\/wp\/v2\/users\/2"}],"replies":[{"embeddable":true,"href":"http:\/\/www.naturalfruits.es\/ca\/wp-json\/wp\/v2\/comments?post=16304"}],"version-history":[{"count":0,"href":"http:\/\/www.naturalfruits.es\/ca\/wp-json\/wp\/v2\/posts\/16304\/revisions"}],"wp:featuredmedia":[{"embeddable":true,"href":"http:\/\/www.naturalfruits.es\/ca\/wp-json\/wp\/v2\/media\/423"}],"wp:attachment":[{"href":"http:\/\/www.naturalfruits.es\/ca\/wp-json\/wp\/v2\/media?parent=16304"}],"wp:term":[{"taxonomy":"category","embeddable":true,"href":"http:\/\/www.naturalfruits.es\/ca\/wp-json\/wp\/v2\/categories?post=16304"},{"taxonomy":"post_tag","embeddable":true,"href":"http:\/\/www.naturalfruits.es\/ca\/wp-json\/wp\/v2\/tags?post=16304"}],"curies":[{"name":"wp","href":"https:\/\/api.w.org\/{rel}","templated":true}]}}