{"id":16311,"date":"2019-07-12T10:44:17","date_gmt":"2019-07-12T10:44:17","guid":{"rendered":"https:\/\/natural.upxsol.com\/?p=695"},"modified":"2019-07-12T10:44:17","modified_gmt":"2019-07-12T10:44:17","slug":"iv-gama-la-solucion-definitiva-para-cocina-de-colectividades","status":"publish","type":"post","link":"http:\/\/www.naturalfruits.es\/ca\/2019\/07\/12\/iv-gama-la-solucion-definitiva-para-cocina-de-colectividades\/","title":{"rendered":"Iv gama. La soluci\u00f3n definitiva para cocina de colectividades."},"content":{"rendered":"<p>Si buscas ofrecer frutas y verduras de calidad a tus clientes, la IV gama es la soluci\u00f3n definitiva gracias a sus m\u00faltiples beneficios en los diferentes procesos hasta que llega al comensal.<\/p>\n\n\n\n<p>Las nuevas tendencias relacionadas con el <strong>aumento de la demanda<\/strong> por parte del mercado consumir recetas m\u00e1s saludables, ayuda al desarrollo de la Iv gama para cocina de colectividades, ya que este formato conserva la calidad y las propiedades de las frutas y verduras con el m\u00ednimo procesado.<\/p>\n\n\n\n<p>Frutas y verduras son ingredientes b\u00e1sicos en las cocinas, materias primas perecederas que necesitas recursos, tanto de almacenaje como de personal, para prepararlas para su elaboraci\u00f3n.<br><\/p>\n\n\n\n<p>La Iv gama se caracteriza por ser un producto m\u00e1s duradero, con una <strong>caducidad de 5 a 7 d\u00edas dependiendo del producto<\/strong>, minimiza las mermas y aumenta su vida \u00fatil gracias al ser envasados en atm\u00f3sfera modificada.<\/p>\n\n\n\n<p>Cualquier cocina que se enfrente a un gran n\u00famero de comensales, encuentra soluciones en la utilizaci\u00f3n de fruta y verdura de IV gama, ya que podemos encontrar <strong>diversos formatos, mezclas, cortes y gramajes<\/strong> del producto que necesitemos.<\/p>\n\n\n\n<p>Trabajar con este tipo de producto aporta practicidad,rapidez de uso, facilidad de consumo, ahorro de tiempo, adem\u00e1s nos ayuda a <strong>reducir costes<\/strong> ya que en su mayor\u00eda mantienen su precio estable durante todo el a\u00f1o.<\/p>\n\n\n\n<p>Por todo ello incluir frutas y verduras de IV gama en nuestro dia a dia va aportarnos beneficios , por ello contar con un mayorista y distribuidor que nos abastezca de este tipo de producto, adem\u00e1s de frutas y verduras frescas, nos proporciona soluciones en nuestra linea de negocio.<\/p>\n\n\n\n<p>M\u00e1s informaci\u00f3n en nuestro \u00faltimo art\u00edculo sobre la IV gama:<\/p>\n\n\n\n<figure class=\"wp-block-embed-wordpress wp-block-embed is-type-wp-embed is-provider-natural-fruits\"><div class=\"wp-block-embed__wrapper\">\n<blockquote class=\"wp-embedded-content\" data-secret=\"tkKFxxKrlC\"><a href=\"https:\/\/natural.upxsol.com\/iv-gama-frutas-y-verduras-listas-para-cocinar\/\">IV GAMA: Frutas y verduras listas para cocinar.<\/a><\/blockquote><iframe class=\"wp-embedded-content lazyload\" sandbox=\"allow-scripts\" security=\"restricted\" style=\"position: absolute; visibility: hidden;\" title=\"&#8220;IV GAMA: Frutas y verduras listas para cocinar.&#8221; &#8212; Natural Fruits\" data-src=\"https:\/\/natural.upxsol.com\/iv-gama-frutas-y-verduras-listas-para-cocinar\/embed\/#?secret=qpClsM5SN2#?secret=tkKFxxKrlC\" data-secret=\"tkKFxxKrlC\" width=\"500\" height=\"282\" frameborder=\"0\" marginwidth=\"0\" marginheight=\"0\" scrolling=\"no\" src=\"data:image\/gif;base64,R0lGODlhAQABAAAAACH5BAEKAAEALAAAAAABAAEAAAICTAEAOw==\" data-load-mode=\"1\"><\/iframe>\n<\/div><\/figure>\n\n\n\n<p>En Natural fruits contamos con las colaboraciones y recursos necesarios como distribuidor de frutas y verduras de IV gama.<\/p>\n\n\n\n<div class=\"wp-block-button alignleft\"><a class=\"wp-block-button__link has-background has-vivid-cyan-blue-background-color\" href=\"https:\/\/www.linkedin.com\/company\/natural-fruits-nf\/?\">Linkedin <\/a><\/div>\n\n\n\n<div class=\"wp-block-button alignleft\"><a class=\"wp-block-button__link has-background\" href=\"https:\/\/www.facebook.com\/NaturalFruitsNF\/\" style=\"background-color:#0975b4\">Facebook<\/a><\/div>\n\n\n\n<p><\/p>\n\n\n\n<p>#IVgamamercabarna #frutaspreparadas #ensaladasnevasadas #mayoristaIVgama #FrutasyverdurasIVgama #distribuidorIVgama #IVgamacatalu\u00f1a #IVgamabarcelona #frutayverduraMercabarna<br> <\/p>","protected":false},"excerpt":{"rendered":"<p>Si buscas ofrecer frutas y verduras de calidad a tus clientes, la IV gama es la soluci\u00f3n definitiva gracias a<\/p>","protected":false},"author":2,"featured_media":16281,"comment_status":"closed","ping_status":"open","sticky":false,"template":"","format":"standard","meta":{"footnotes":""},"categories":[77,76],"tags":[131,81,82,83,87,93,98,105],"class_list":["post-16311","post","type-post","status-publish","format-standard","has-post-thumbnail","hentry","category-natural-fruits","category-natural-fruits-blog","tag-cocina-de-colectividades-barcelona","tag-distribuidor-iv-4-gama-barcelona","tag-distribuidor-iv-4-gama-cataluna","tag-distribuidor-iv-4-gama-mercabarna","tag-empresa-iv-4-gama-cataluna","tag-mayorista-iv-4-gama-mercabarna","tag-proveedor-iv-4-gama-barcelona","tag-suministro-iv-4-gama-cataluna"],"_links":{"self":[{"href":"http:\/\/www.naturalfruits.es\/ca\/wp-json\/wp\/v2\/posts\/16311","targetHints":{"allow":["GET"]}}],"collection":[{"href":"http:\/\/www.naturalfruits.es\/ca\/wp-json\/wp\/v2\/posts"}],"about":[{"href":"http:\/\/www.naturalfruits.es\/ca\/wp-json\/wp\/v2\/types\/post"}],"author":[{"embeddable":true,"href":"http:\/\/www.naturalfruits.es\/ca\/wp-json\/wp\/v2\/users\/2"}],"replies":[{"embeddable":true,"href":"http:\/\/www.naturalfruits.es\/ca\/wp-json\/wp\/v2\/comments?post=16311"}],"version-history":[{"count":0,"href":"http:\/\/www.naturalfruits.es\/ca\/wp-json\/wp\/v2\/posts\/16311\/revisions"}],"wp:featuredmedia":[{"embeddable":true,"href":"http:\/\/www.naturalfruits.es\/ca\/wp-json\/wp\/v2\/media\/16281"}],"wp:attachment":[{"href":"http:\/\/www.naturalfruits.es\/ca\/wp-json\/wp\/v2\/media?parent=16311"}],"wp:term":[{"taxonomy":"category","embeddable":true,"href":"http:\/\/www.naturalfruits.es\/ca\/wp-json\/wp\/v2\/categories?post=16311"},{"taxonomy":"post_tag","embeddable":true,"href":"http:\/\/www.naturalfruits.es\/ca\/wp-json\/wp\/v2\/tags?post=16311"}],"curies":[{"name":"wp","href":"https:\/\/api.w.org\/{rel}","templated":true}]}}