{"id":16313,"date":"2019-07-25T10:51:33","date_gmt":"2019-07-25T10:51:33","guid":{"rendered":"https:\/\/natural.upxsol.com\/?p=703"},"modified":"2019-07-25T10:51:33","modified_gmt":"2019-07-25T10:51:33","slug":"aprovecha-al-maximo-la-fruta-y-verdura-este-verano","status":"publish","type":"post","link":"http:\/\/www.naturalfruits.es\/ca\/2019\/07\/25\/aprovecha-al-maximo-la-fruta-y-verdura-este-verano\/","title":{"rendered":"Aprovecha al m\u00e1ximo la fruta y verdura este verano"},"content":{"rendered":"<p>En Espa\u00f1a contamos con una amplia gama de frutas y verduras todo el a\u00f1o, y la temporada de verano es la oportunidad perfecta para incluir este tipo de productos en nuestras recetas ya que nos aportan propiedades beneficiosas para nuestro organismo, nos nutren e hidratan.<\/p>\n\n\n\n<p>Es esencial el consumo de frutas y verduras aut\u00f3ctonas en nuestra dieta para afrontar los factores externos como el clima, por ello debemos aprovecha al m\u00e1ximo la fruta y verdura este verano.<\/p>\n\n\n\n<p>En la cocina de colectividades, como hospitales, residencias, colegios o restaurantes es necesario abastecerse mediante un mayorista y distribuidor de frutas y verduras, y el pedido es el primer paso para no malgastar el g\u00e9nero, ajustarnos a las necesidades reales de consumo y minimizar las mermas.<\/p>\n\n\n\n<p>Sin embargo para maximizar la vida \u00fatil y no desaprovechar la frut y verdura podemos realizar procesos y elaboraciones que nos permitan sacar el m\u00e1ximo partido a estos ingredientes de temporada.<\/p>\n\n\n\n<p>En el siguiente art\u00edculo detallamos qu\u00e9 frutas y verduras son estacionales en verano<\/p>\n\n\n\n<figure class=\"wp-block-embed-wordpress wp-block-embed is-type-wp-embed is-provider-natural-fruits\"><div class=\"wp-block-embed__wrapper\">\nhttps:\/\/natural.upxsol.com\/frutas-y-verduras-temporada-de-verano\/\n<\/div><\/figure>\n\n\n\n<p>A continuaci\u00f3n proponemos algunas formas de aprovecha al m\u00e1ximo la fruta y verdura este verano:<br><\/p>\n\n\n\n<div class=\"wp-block-media-text alignwide\" style=\"grid-template-columns:21% auto\"><figure class=\"wp-block-media-text__media\"><img decoding=\"async\" data-src=\"https:\/\/natural.upxsol.com\/wp-content\/uploads\/2019\/07\/ice-pop-sabor-hielo-congelado-postre-sweeten-sabroso-concepto_53876-16330.jpg\" alt=\"\" class=\"wp-image-704 lazyload\" src=\"data:image\/gif;base64,R0lGODlhAQABAAAAACH5BAEKAAEALAAAAAABAAEAAAICTAEAOw==\" \/><noscript><img decoding=\"async\" src=\"https:\/\/natural.upxsol.com\/wp-content\/uploads\/2019\/07\/ice-pop-sabor-hielo-congelado-postre-sweeten-sabroso-concepto_53876-16330.jpg\" alt=\"\" class=\"wp-image-704\"\/><\/noscript><\/figure><div class=\"wp-block-media-text__content\">\n<h2 class=\"wp-block-heading\"> POSTRES <\/h2>\n\n\n\n<p>Como siempre los postres como helados, macedonias o pasteles son la mejor alternativa para alargar la vida \u00fatil de las frutas<\/p>\n<\/div><\/div>\n\n\n\n<div class=\"wp-block-media-text alignwide has-media-on-the-right\" style=\"grid-template-columns:auto 47%\"><figure class=\"wp-block-media-text__media\"><img decoding=\"async\" data-src=\"https:\/\/natural.upxsol.com\/wp-content\/uploads\/2019\/07\/rodaja-vegetales-frescos-saludables-tarro-mason-frutas-avellanas_23-2148193101.jpg\" alt=\"\" class=\"wp-image-705 lazyload\" src=\"data:image\/gif;base64,R0lGODlhAQABAAAAACH5BAEKAAEALAAAAAABAAEAAAICTAEAOw==\" \/><noscript><img decoding=\"async\" src=\"https:\/\/natural.upxsol.com\/wp-content\/uploads\/2019\/07\/rodaja-vegetales-frescos-saludables-tarro-mason-frutas-avellanas_23-2148193101.jpg\" alt=\"\" class=\"wp-image-705\"\/><\/noscript><\/figure><div class=\"wp-block-media-text__content\">\n<h2 class=\"wp-block-heading\">Conservas <\/h2>\n\n\n\n<p>Una manera f\u00e1cil y r\u00e1pida, gracias a la IV gama ya que las verduras vienen cortadas y preparadas para conservar intactas todas sus propiedades en un uso posterior.<\/p>\n<\/div><\/div>\n\n\n\n<p><\/p>\n\n\n\n<div class=\"wp-block-media-text alignwide\" style=\"grid-template-columns:44% auto\"><figure class=\"wp-block-media-text__media\"><img decoding=\"async\" data-src=\"https:\/\/natural.upxsol.com\/wp-content\/uploads\/2019\/07\/mermelada-ciruela-recien-hecha-blanco_23-2147694249.jpg\" alt=\"\" class=\"wp-image-706 lazyload\" src=\"data:image\/gif;base64,R0lGODlhAQABAAAAACH5BAEKAAEALAAAAAABAAEAAAICTAEAOw==\" \/><noscript><img decoding=\"async\" src=\"https:\/\/natural.upxsol.com\/wp-content\/uploads\/2019\/07\/mermelada-ciruela-recien-hecha-blanco_23-2147694249.jpg\" alt=\"\" class=\"wp-image-706\"\/><\/noscript><\/figure><div class=\"wp-block-media-text__content\">\n<h2 class=\"wp-block-heading\">Mermeladas<\/h2>\n\n\n\n<p>Una forma de seguir consumiendo las frutas y verduras de verano durante todo el a\u00f1o es elaborar mermeladas caseras aprovechando  todos los elementos del producto                                                                                                                                                                                                         <\/p>\n<\/div><\/div>\n\n\n\n<p><\/p>\n\n\n\n<div class=\"wp-block-media-text alignwide has-media-on-the-right\" style=\"grid-template-columns:auto 45%\"><figure class=\"wp-block-media-text__media\"><img decoding=\"async\" data-src=\"https:\/\/natural.upxsol.com\/wp-content\/uploads\/2019\/07\/87667400-dried-vegetables-chips-from-carrot-beet-parsnip-and-other-vegetables-organic-diet-and-vegan-food--1024x692.jpg\" alt=\"\" class=\"wp-image-707 lazyload\" src=\"data:image\/gif;base64,R0lGODlhAQABAAAAACH5BAEKAAEALAAAAAABAAEAAAICTAEAOw==\" style=\"--smush-placeholder-width: 1024px; --smush-placeholder-aspect-ratio: 1024\/692;\" \/><noscript><img decoding=\"async\" src=\"https:\/\/natural.upxsol.com\/wp-content\/uploads\/2019\/07\/87667400-dried-vegetables-chips-from-carrot-beet-parsnip-and-other-vegetables-organic-diet-and-vegan-food--1024x692.jpg\" alt=\"\" class=\"wp-image-707\"\/><\/noscript><\/figure><div class=\"wp-block-media-text__content\">\n<h2 class=\"wp-block-heading\">Hortalizas Deshidratadas<\/h2>\n\n\n\n<p>Un snack o acompa\u00f1amiento rico y saludable, muy vers\u00e1til.Con un f\u00e1cil almacenamiento y conservaci\u00f3n son un recurso en la cocina que no puede faltar. <\/p>\n<\/div><\/div>\n\n\n\n<div class=\"wp-block-media-text alignwide\" style=\"grid-template-columns:29% auto\"><figure class=\"wp-block-media-text__media\"><img decoding=\"async\" data-src=\"https:\/\/natural.upxsol.com\/wp-content\/uploads\/2019\/07\/dulces-bayas-coloridas-maduras-pulposas_23-2148216273.jpg\" alt=\"\" class=\"wp-image-708 lazyload\" src=\"data:image\/gif;base64,R0lGODlhAQABAAAAACH5BAEKAAEALAAAAAABAAEAAAICTAEAOw==\" \/><noscript><img decoding=\"async\" src=\"https:\/\/natural.upxsol.com\/wp-content\/uploads\/2019\/07\/dulces-bayas-coloridas-maduras-pulposas_23-2148216273.jpg\" alt=\"\" class=\"wp-image-708\"\/><\/noscript><\/figure><div class=\"wp-block-media-text__content\">\n<h2 class=\"wp-block-heading\"> CONGELAR <\/h2>\n\n\n\n<p>Cuando notamos que la fruta ya est\u00e1 madura, congelar es una alternativa perfecta para  seguir elaborando recetas sin perder nutrientes y minimizar las mermas<\/p>\n<\/div><\/div>\n\n\n\n<p><\/p>\n\n\n\n<p>En Natural Fruits potenciamos la agricultura local y de temporada. Garantizamos todo tipo de verdura y frutas \u00a0durante todo el a\u00f1o, gracias a acuerdos con los principales productores km0. <br>Producto de proximidad \u00a1Nosotros te lo llevamos! <\/p>\n\n\n\n<div class=\"wp-block-button alignright\"><a class=\"wp-block-button__link has-background\" href=\"https:\/\/www.linkedin.com\/company\/natural-fruits-nf\/\" style=\"background-color:#1878a0\">Linkedin<\/a><\/div>\n\n\n\n<p><strong>Haz tu pedido en &nbsp;<\/strong><a href=\"https:\/\/natural.upxsol.com\/contactar\/\"><strong>https:\/\/natural.upxsol.com\/contactar\/<\/strong><\/a><strong> o llamando al &nbsp;935195222<\/strong><\/p>","protected":false},"excerpt":{"rendered":"<p>En Espa\u00f1a contamos con una amplia gama de frutas y verduras todo el a\u00f1o, y la temporada de verano es<\/p>","protected":false},"author":2,"featured_media":715,"comment_status":"closed","ping_status":"open","sticky":false,"template":"","format":"standard","meta":{"footnotes":""},"categories":[76],"tags":[129,110,89,91,96,130],"class_list":["post-16313","post","type-post","status-publish","format-standard","has-post-thumbnail","hentry","category-natural-fruits-blog","tag-frutas-temporada-de-verano","tag-frutas-y-verduras-distribuidor-cataluna","tag-mayorista-frutas-verduras-y-hortalizas-barcelona","tag-mayorista-frutas-y-verduras-hortalizas-cataluna-mercabarna","tag-proveedor-frutas-verduras-y-hortalizas-mercabarna","tag-verduras-temporada-de-verano"],"_links":{"self":[{"href":"http:\/\/www.naturalfruits.es\/ca\/wp-json\/wp\/v2\/posts\/16313","targetHints":{"allow":["GET"]}}],"collection":[{"href":"http:\/\/www.naturalfruits.es\/ca\/wp-json\/wp\/v2\/posts"}],"about":[{"href":"http:\/\/www.naturalfruits.es\/ca\/wp-json\/wp\/v2\/types\/post"}],"author":[{"embeddable":true,"href":"http:\/\/www.naturalfruits.es\/ca\/wp-json\/wp\/v2\/users\/2"}],"replies":[{"embeddable":true,"href":"http:\/\/www.naturalfruits.es\/ca\/wp-json\/wp\/v2\/comments?post=16313"}],"version-history":[{"count":0,"href":"http:\/\/www.naturalfruits.es\/ca\/wp-json\/wp\/v2\/posts\/16313\/revisions"}],"wp:featuredmedia":[{"embeddable":true,"href":"http:\/\/www.naturalfruits.es\/ca\/wp-json\/wp\/v2\/media\/715"}],"wp:attachment":[{"href":"http:\/\/www.naturalfruits.es\/ca\/wp-json\/wp\/v2\/media?parent=16313"}],"wp:term":[{"taxonomy":"category","embeddable":true,"href":"http:\/\/www.naturalfruits.es\/ca\/wp-json\/wp\/v2\/categories?post=16313"},{"taxonomy":"post_tag","embeddable":true,"href":"http:\/\/www.naturalfruits.es\/ca\/wp-json\/wp\/v2\/tags?post=16313"}],"curies":[{"name":"wp","href":"https:\/\/api.w.org\/{rel}","templated":true}]}}