{"id":350,"date":"2017-12-06T20:30:44","date_gmt":"2017-12-06T20:30:44","guid":{"rendered":"https:\/\/natural.upxsol.com\/?p=350"},"modified":"2017-12-06T20:30:44","modified_gmt":"2017-12-06T20:30:44","slug":"natural-fruits-inaugura-nuevas-instalaciones-en-mercabarna","status":"publish","type":"post","link":"http:\/\/www.naturalfruits.es\/ca\/2017\/12\/06\/natural-fruits-inaugura-nuevas-instalaciones-en-mercabarna\/","title":{"rendered":"[:es]Natural Fruits inaugura nuevas instalaciones en Mercabarna[:]"},"content":{"rendered":"<p>[:es]Natural Fruits ha inaugurado recientemente sus nuevas instalaciones en el coraz\u00f3n de Mercabarna. La empresa ha movido su localizaci\u00f3n des de la calle longitudinal 9, 57, a la calle longitudinal 7, 141.<\/p>\n<p>De esta manera, la empresa mantiene su ubicaci\u00f3n en el coraz\u00f3n de Mercabarna, pero pasa de ocupar un espacio de 500 m2 a otro de m\u00e1s de 1.600 m2 refrigerados, con capacidad para cargar m\u00e1s de 9 veh\u00edculos de forma simult\u00e1nea.<\/p>\n<p>La nueva dotaci\u00f3n permite a la empresa encarar su crecimiento de forma ilusionante, ya que poseer\u00e1 unas instalaciones de \u00faltima generaci\u00f3n, y ubicaci\u00f3n suficiente para crecer significativamente en n\u00famero de clientes.<\/p>\n<p><img decoding=\"async\" class=\"alignnone size-medium wp-image-351 lazyload\" data-src=\"https:\/\/natural.upxsol.com\/wp-content\/uploads\/2017\/12\/mercabarna-300x131.jpg\" alt=\"\" width=\"300\" height=\"131\" src=\"data:image\/gif;base64,R0lGODlhAQABAAAAACH5BAEKAAEALAAAAAABAAEAAAICTAEAOw==\" style=\"--smush-placeholder-width: 300px; --smush-placeholder-aspect-ratio: 300\/131;\" \/><noscript><img decoding=\"async\" class=\"alignnone size-medium wp-image-351\" src=\"https:\/\/natural.upxsol.com\/wp-content\/uploads\/2017\/12\/mercabarna-300x131.jpg\" alt=\"\" width=\"300\" height=\"131\" \/><\/noscript><\/p>\n<p>&nbsp;[:]<\/p>","protected":false},"excerpt":{"rendered":"<p>[:es]Natural Fruits ha inaugurado recientemente sus nuevas instalaciones en el coraz\u00f3n de Mercabarna. La empresa ha movido su localizaci\u00f3n des<\/p>","protected":false},"author":2,"featured_media":0,"comment_status":"closed","ping_status":"open","sticky":false,"template":"","format":"standard","meta":{"footnotes":""},"categories":[76],"tags":[],"class_list":["post-350","post","type-post","status-publish","format-standard","hentry","category-natural-fruits-blog"],"_links":{"self":[{"href":"http:\/\/www.naturalfruits.es\/ca\/wp-json\/wp\/v2\/posts\/350","targetHints":{"allow":["GET"]}}],"collection":[{"href":"http:\/\/www.naturalfruits.es\/ca\/wp-json\/wp\/v2\/posts"}],"about":[{"href":"http:\/\/www.naturalfruits.es\/ca\/wp-json\/wp\/v2\/types\/post"}],"author":[{"embeddable":true,"href":"http:\/\/www.naturalfruits.es\/ca\/wp-json\/wp\/v2\/users\/2"}],"replies":[{"embeddable":true,"href":"http:\/\/www.naturalfruits.es\/ca\/wp-json\/wp\/v2\/comments?post=350"}],"version-history":[{"count":0,"href":"http:\/\/www.naturalfruits.es\/ca\/wp-json\/wp\/v2\/posts\/350\/revisions"}],"wp:attachment":[{"href":"http:\/\/www.naturalfruits.es\/ca\/wp-json\/wp\/v2\/media?parent=350"}],"wp:term":[{"taxonomy":"category","embeddable":true,"href":"http:\/\/www.naturalfruits.es\/ca\/wp-json\/wp\/v2\/categories?post=350"},{"taxonomy":"post_tag","embeddable":true,"href":"http:\/\/www.naturalfruits.es\/ca\/wp-json\/wp\/v2\/tags?post=350"}],"curies":[{"name":"wp","href":"https:\/\/api.w.org\/{rel}","templated":true}]}}